{"id":1945,"date":"2022-04-13T12:48:10","date_gmt":"2022-04-13T10:48:10","guid":{"rendered":"https:\/\/loturafilms.eus\/orkestra-lurtarra-musika-agian-salbatuko-duen-orkestra-eta-musikariak-identifikatuta-sentiarazten-dituena\/"},"modified":"2022-04-13T13:09:42","modified_gmt":"2022-04-13T11:09:42","slug":"orkestra-lurtarra-musika-agian-salbatuko-duen-orkestra-eta-musikariak-identifikatuta-sentiarazten-dituena","status":"publish","type":"post","link":"https:\/\/loturafilms.eus\/es\/orkestra-lurtarra-musika-agian-salbatuko-duen-orkestra-eta-musikariak-identifikatuta-sentiarazten-dituena\/","title":{"rendered":"LA ORQUESTA TERRESTRE, UNA ORQUESTA QUE \u2013QUIZ\u00c1S- SALVAR\u00c1 LA M\u00daSICA Y EN LA QUE SE SIENTE \u2013POR FIN- RETRATADA LA AMPLIA ESCENA MUSICAL"},"content":{"rendered":"<p><img decoding=\"async\" class=\"wp-image-1937 alignnone\" src=\"https:\/\/loturafilms.eus\/wp-content\/uploads\/2022\/04\/Orkestra-lurtarra-estreinaldia2-300x232.jpg\" alt=\"\" width=\"521\" height=\"403\" srcset=\"https:\/\/loturafilms.eus\/wp-content\/uploads\/2022\/04\/Orkestra-lurtarra-estreinaldia2-300x232.jpg 300w, https:\/\/loturafilms.eus\/wp-content\/uploads\/2022\/04\/Orkestra-lurtarra-estreinaldia2-768x594.jpg 768w, https:\/\/loturafilms.eus\/wp-content\/uploads\/2022\/04\/Orkestra-lurtarra-estreinaldia2.jpg 1000w\" sizes=\"(max-width: 521px) 100vw, 521px\" \/><\/p>\n<p>&nbsp;<\/p>\n<p>\u201cYa era hora de que hablaran de nosotros\u201d, \u201cPor fin ponen a los man\u00e1geres en su sitio\u201d, \u201cMe he sentido retratada en el d\u00eda a d\u00eda del local y de la carretera\u201d\u2026 Estas eran algunas de las afirmaciones que en corrillo comentaban m\u00fasicos congregados en la presentaci\u00f3n de \u2018La Orquesta Terrestre\u2019 en los Cines Principe de San Sebasti\u00e1n tras la proyecci\u00f3n.<\/p>\n<p>\u201cNunca hubiera imaginado ver a Mikel Anestesia caracterizado en una pel\u00edcula en un cine, y me alegro mucho. Eso es que vamos hacia delante\u201d; \u201cNos ha gustado a mi y a mi hija; es una bomba que podamos disfrutar juntas\u201d\u2026 son frases recogidas a la salida de la presentaci\u00f3n realizada en los Cines Girona de Barcelona a viejos rockeros y rockeras de la ciudad condal.<\/p>\n<p>Ahora que, despu\u00e9s de la larga paralizaci\u00f3n de conciertos y otros eventos culturales durante la pandemia, est\u00e1n multiplic\u00e1ndose las agendas, y, adem\u00e1s, con un tiempo inapacible, parec\u00eda imposible llenar dos amplios salas de cine de casi 300 localidades un s\u00e1bado por la ma\u00f1ana en San Sebasti\u00e1n y otro el domingo en Barcelona.<\/p>\n<p>Pero no fue as\u00ed, al contrario: <strong>Fito Cabrales<\/strong> (de los Fitipaldis) se desplaz\u00f3 desde Bizkaia antes de su inabarcable gira, <strong>Fermin Muguruza<\/strong> hizo un par\u00f3n en su f\u00e9rreo trabajo de promoci\u00f3n de \u2018Black Is Beltza-Ainhoa\u2019;<strong> Maite Arroitajauregi \u2018Mursego\u2019<\/strong> aparc\u00f3 sus ininterrumpidas labores de composici\u00f3n de bandas sonoras; <strong>Mikel Kazalis<\/strong> \u2018Anestesia\u2019 tampoco se lo quiso perder y esta vez madrug\u00f3 (estos dos \u00faltimos caracterizados en la pel\u00edcula junto a <strong>Anari<\/strong> que finalmente no pudo asistir); y fueron muchos-much\u00edsimos los que no se perdieron la premier de esta divertida pel\u00edcula de animaci\u00f3n d\u00f3nde a trav\u00e9s de una inusual orquesta se recogen muchas de las vicisitudes que tantas y tantas bandas musicales han de vivir en el local y en la carretera en clave, eso s\u00ed, de humor.<\/p>\n<p>Miembros de bandas musicales veteranas como Berri Txarrak, de <strong>Liher, de Kokein, de Nuevo Catecismo Cat\u00f3lico, El Coraz\u00f3n del Sapo o Estricalla (y ahora Onki Xin), de Cobra<\/strong>, la vanguardista <strong>Sara Zozaya,<\/strong> el carism\u00e1tico <strong>Javier Sun,<\/strong> j\u00f3venes promesas como <strong>Nogen<\/strong>, agentes claves de la escena musical vasca como <strong>JuanCar Bloody Mary, Karlos Osinaga \u2018Txap\u2019<\/strong>, fundadores de Esan Ozenki y Metak como<strong> Andres Kamio \u2018Jitu\u2019, Asier Zulueta, Joxe A. Areta Go\u00f1i \u2018Juxe\u2019<\/strong>\u2026 disfrutaron a tope de esta nueva pel\u00edcula que confesaron \u201cse les hizo muy corta\u201d.<\/p>\n<p>Es, indudablemente, una pel\u00edcula musical, muy real, gamberra y divertida, tal y como la vida misma. Adem\u00e1s, est\u00e1 dirigida por los veteranos directores<strong> Imanol Zinkunegi<\/strong> y <strong>Joseba Ponce<\/strong> de la productora Lotura Films que viven la m\u00fasica muy de cerca; y en concreto \u00e9ste \u00faltimo quien ha escrito una banda sonora vers\u00e1til que versa desde el rap a ritmos latinos, jazzeros y calientes siempre desde un punto de partida rockero, su terreno, ya que ha sido miembro fundador de proyectos oscuros pero a su vez brillantes como <strong>Dut, Kuraia<\/strong> o <strong>JP Lohian<\/strong> entre los m\u00e1s destacados.<\/p>\n<p>\u00bfLa Orquesta Terrestre salvar\u00e1 la m\u00fasica? No os lo diremos, no os haremos spoiler. Pero os aseguramos que divertir\u00e1 a todo p\u00fablico abierto de diferentes edades, a los y las que buscan historias reales y cre\u00edbles que pisan el suelo, y os aseguramos de que es indispensable especialmente para todos y todas aquellas que viven y aman la m\u00fasica. Pocas veces se sentir\u00e1n tan retratados y retratadas.<\/p>\n<p><a href=\"https:\/\/www.youtube.com\/playlist?list=PLKVQYdtMNliq1i49Suz5iPeXgdkcSr86P\" rel=\"nofollow noopener\" target=\"_blank\">Ver aqu\u00ed entrevistas a varios m\u00fasicos.<\/a><\/p>\n","protected":false},"excerpt":{"rendered":"<p>&nbsp; \u201cYa era hora de que hablaran de nosotros\u201d, \u201cPor fin ponen a los man\u00e1geres en su sitio\u201d, \u201cMe he sentido retratada en el d\u00eda a d\u00eda del local y de la carretera\u201d\u2026 Estas eran algunas de las afirmaciones que en corrillo comentaban m\u00fasicos congregados en la presentaci\u00f3n de \u2018La Orquesta Terrestre\u2019 en los Cines&hellip;<\/p>\n","protected":false},"author":2,"featured_media":1931,"comment_status":"closed","ping_status":"closed","sticky":false,"template":"","format":"standard","meta":{"footnotes":""},"categories":[5],"tags":[],"class_list":["post-1945","post","type-post","status-publish","format-standard","has-post-thumbnail","hentry","category-sin-categorizar"],"_links":{"self":[{"href":"https:\/\/loturafilms.eus\/es\/wp-json\/wp\/v2\/posts\/1945","targetHints":{"allow":["GET"]}}],"collection":[{"href":"https:\/\/loturafilms.eus\/es\/wp-json\/wp\/v2\/posts"}],"about":[{"href":"https:\/\/loturafilms.eus\/es\/wp-json\/wp\/v2\/types\/post"}],"author":[{"embeddable":true,"href":"https:\/\/loturafilms.eus\/es\/wp-json\/wp\/v2\/users\/2"}],"replies":[{"embeddable":true,"href":"https:\/\/loturafilms.eus\/es\/wp-json\/wp\/v2\/comments?post=1945"}],"version-history":[{"count":0,"href":"https:\/\/loturafilms.eus\/es\/wp-json\/wp\/v2\/posts\/1945\/revisions"}],"wp:featuredmedia":[{"embeddable":true,"href":"https:\/\/loturafilms.eus\/es\/wp-json\/wp\/v2\/media\/1931"}],"wp:attachment":[{"href":"https:\/\/loturafilms.eus\/es\/wp-json\/wp\/v2\/media?parent=1945"}],"wp:term":[{"taxonomy":"category","embeddable":true,"href":"https:\/\/loturafilms.eus\/es\/wp-json\/wp\/v2\/categories?post=1945"},{"taxonomy":"post_tag","embeddable":true,"href":"https:\/\/loturafilms.eus\/es\/wp-json\/wp\/v2\/tags?post=1945"}],"curies":[{"name":"wp","href":"https:\/\/api.w.org\/{rel}","templated":true}]}}